{"id":6018,"date":"2019-10-07T00:15:37","date_gmt":"2019-10-06T22:15:37","guid":{"rendered":"http:\/\/baba.org.pl\/?p=6018"},"modified":"2019-10-07T00:29:58","modified_gmt":"2019-10-06T22:29:58","slug":"zabierz-glos-bo-go-stracisz-kampania-fundacji-batorego","status":"publish","type":"post","link":"https:\/\/baba.org.pl\/index.php\/2019\/10\/zabierz-glos-bo-go-stracisz-kampania-fundacji-batorego\/","title":{"rendered":"\u201eZABIERZ G\u0141OS, BO GO STRACISZ\u201d \u2013 kampania Fundacji Batorego"},"content":{"rendered":"<p><iframe loading=\"lazy\" width=\"560\" height=\"315\" src=\"https:\/\/www.youtube.com\/embed\/uP0NwD2GR7w\" frameborder=\"0\" allow=\"accelerometer; autoplay; encrypted-media; gyroscope; picture-in-picture\" allowfullscreen><\/iframe><\/p>\n<p><iframe loading=\"lazy\" width=\"560\" height=\"315\" src=\"https:\/\/www.youtube.com\/embed\/LqNrMAT--Kk\" frameborder=\"0\" allow=\"accelerometer; autoplay; encrypted-media; gyroscope; picture-in-picture\" allowfullscreen><\/iframe><\/p>\n<p><b>\u201eZABIERZ G\u0141OS, BO GO STRACISZ\u201d \u2013 KAMPANIA FUNDACJI BATOREGO MOBILIZUJE POLKI I POLAK\u00d3W, ABY P\u00d3J\u015a\u0106 NA WYBORY W IMI\u0118 WARTO\u015aCI, KT\u00d3RE S\u0104 DLA NAS WA\u017bNE.<\/b><\/p>\n<p>13 pa\u017adziernika zdecydujemy, w jakim kraju b\u0119dziemy \u017cy\u0107. Ruszy\u0142a ponadpartyjna kampania spo\u0142eczna Fundacji im. Stefana Batorego, kt\u00f3ra motywuje obywateli i obywatelki, by poszli na wybory. Nasz g\u0142os to fundament demokracji. Nie tra\u0107my go. G\u0142osuj\u0105c decydujemy o tym, jak\u0105 twarz b\u0119dzie mia\u0142a Polska i w jakim kierunku b\u0119dzie zmierza\u0142a. G\u0142osujmy \u2013 je\u015bli chcemy zachowa\u0107 \u015bwiat swoich warto\u015bci!<\/p>\n<p>Wi\u0119cej o kampanii na stronie: <a target=\"_blank\" href=\"https:\/\/twojglosmamoc.pl\">twojglosmamoc.pl<\/a><\/p>\n","protected":false},"excerpt":{"rendered":"<p>\u201eZABIERZ G\u0141OS, BO GO STRACISZ\u201d \u2013 KAMPANIA FUNDACJI BATOREGO MOBILIZUJE POLKI I POLAK\u00d3W, ABY P\u00d3J\u015a\u0106 NA WYBORY W IMI\u0118 WARTO\u015aCI, KT\u00d3RE S\u0104 DLA NAS WA\u017bNE. 13 pa\u017adziernika zdecydujemy, w jakim kraju b\u0119dziemy \u017cy\u0107. Ruszy\u0142a ponadpartyjna kampania spo\u0142eczna Fundacji im. Stefana Batorego, kt\u00f3ra motywuje obywateli i obywatelki, by poszli na wybory. Nasz g\u0142os to fundament demokracji. [&hellip;]<\/p>\n","protected":false},"author":4,"featured_media":0,"comment_status":"closed","ping_status":"closed","sticky":false,"template":"","format":"standard","meta":{"footnotes":""},"categories":[5],"tags":[],"class_list":["post-6018","post","type-post","status-publish","format-standard","hentry","category-aktualnosci"],"_links":{"self":[{"href":"https:\/\/baba.org.pl\/index.php\/wp-json\/wp\/v2\/posts\/6018","targetHints":{"allow":["GET"]}}],"collection":[{"href":"https:\/\/baba.org.pl\/index.php\/wp-json\/wp\/v2\/posts"}],"about":[{"href":"https:\/\/baba.org.pl\/index.php\/wp-json\/wp\/v2\/types\/post"}],"author":[{"embeddable":true,"href":"https:\/\/baba.org.pl\/index.php\/wp-json\/wp\/v2\/users\/4"}],"replies":[{"embeddable":true,"href":"https:\/\/baba.org.pl\/index.php\/wp-json\/wp\/v2\/comments?post=6018"}],"version-history":[{"count":6,"href":"https:\/\/baba.org.pl\/index.php\/wp-json\/wp\/v2\/posts\/6018\/revisions"}],"predecessor-version":[{"id":6024,"href":"https:\/\/baba.org.pl\/index.php\/wp-json\/wp\/v2\/posts\/6018\/revisions\/6024"}],"wp:attachment":[{"href":"https:\/\/baba.org.pl\/index.php\/wp-json\/wp\/v2\/media?parent=6018"}],"wp:term":[{"taxonomy":"category","embeddable":true,"href":"https:\/\/baba.org.pl\/index.php\/wp-json\/wp\/v2\/categories?post=6018"},{"taxonomy":"post_tag","embeddable":true,"href":"https:\/\/baba.org.pl\/index.php\/wp-json\/wp\/v2\/tags?post=6018"}],"curies":[{"name":"wp","href":"https:\/\/api.w.org\/{rel}","templated":true}]}}