{"id":5882,"date":"2019-08-14T09:17:34","date_gmt":"2019-08-14T07:17:34","guid":{"rendered":"http:\/\/baba.org.pl\/?p=5882"},"modified":"2019-08-14T09:44:43","modified_gmt":"2019-08-14T07:44:43","slug":"jest-wyrok-skazujacy-kata-p-karoliny","status":"publish","type":"post","link":"https:\/\/baba.org.pl\/index.php\/2019\/08\/jest-wyrok-skazujacy-kata-p-karoliny\/","title":{"rendered":"Jest wyrok skazuj\u0105cy kata p. Karoliny"},"content":{"rendered":"<p>Dwa lata bezwzgl\u0119dnego wi\u0119zienia za zn\u0119canie si\u0119 nad \u017con\u0105, zakaz zbli\u017cania si\u0119 przez pi\u0119\u0107 lat do pokrzywdzonej i 75 tysi\u0119cy z\u0142otych zado\u015b\u0107uczynienia &#8211; taki wyrok us\u0142ysza\u0142 Rafa\u0142 P., by\u0142y bydgoski radny Prawa i Sprawiedliwo\u015bci i m\u0105\u017c Karoliny P. , bohaterki wielu artyku\u0142&oacute;w prasowych.&nbsp; Brawo dla s\u0105du, kt&oacute;ry wyda\u0142 taki wyrok, cho\u0107 prokurator \u017c\u0105da\u0142 prac spo\u0142ecznych.&nbsp; Przypuszczamy, \u017ce Rafa\u0142 P. odwo\u0142a si\u0119 od wyroku. Mamy nadziej\u0119, \u017ce s\u0105d kolejnej instancji&nbsp; utrzyma wyrok.&nbsp;<br \/>\n\tNa zdj\u0119ciu&nbsp; cz\u0142onkini&nbsp;BABY w makija\u017cu pokazuj\u0105cym, jak wygl\u0105daj\u0105 trafiaj\u0105ce do nas kobiety.&nbsp; Zdj\u0119cie zrobi\u0142 Kacper Kubiak, makija\u017c autorstwa Agnieszki Der w ramach kampanii spo\u0142ecznej BABY.&nbsp;<br \/>\n\t<a href=\"http:\/\/baba.org.pl\/wp-content\/uploads\/2019\/08\/002.jpg\" data-lightbox=\"gal[5882]\"><img loading=\"lazy\" decoding=\"async\" alt=\"\" class=\"alignleft size-medium wp-image-5726\" height=\"201\" src=\"http:\/\/baba.org.pl\/wp-content\/uploads\/2019\/08\/002.jpg\" width=\"300\" \/><\/a><\/p>\n","protected":false},"excerpt":{"rendered":"<p>Dwa lata bezwzgl\u0119dnego wi\u0119zienia za zn\u0119canie si\u0119 nad \u017con\u0105, zakaz zbli\u017cania si\u0119 przez pi\u0119\u0107 lat do pokrzywdzonej i 75 tysi\u0119cy z\u0142otych zado\u015b\u0107uczynienia &#8211; taki wyrok us\u0142ysza\u0142 Rafa\u0142 P., by\u0142y bydgoski radny Prawa i Sprawiedliwo\u015bci i m\u0105\u017c Karoliny P. , bohaterki wielu artyku\u0142&oacute;w prasowych.&nbsp; Brawo dla s\u0105du, kt&oacute;ry wyda\u0142 taki wyrok, cho\u0107 prokurator \u017c\u0105da\u0142 prac spo\u0142ecznych.&nbsp; [&hellip;]<\/p>\n","protected":false},"author":4,"featured_media":0,"comment_status":"closed","ping_status":"closed","sticky":false,"template":"","format":"standard","meta":{"footnotes":""},"categories":[5],"tags":[],"class_list":["post-5882","post","type-post","status-publish","format-standard","hentry","category-aktualnosci"],"_links":{"self":[{"href":"https:\/\/baba.org.pl\/index.php\/wp-json\/wp\/v2\/posts\/5882","targetHints":{"allow":["GET"]}}],"collection":[{"href":"https:\/\/baba.org.pl\/index.php\/wp-json\/wp\/v2\/posts"}],"about":[{"href":"https:\/\/baba.org.pl\/index.php\/wp-json\/wp\/v2\/types\/post"}],"author":[{"embeddable":true,"href":"https:\/\/baba.org.pl\/index.php\/wp-json\/wp\/v2\/users\/4"}],"replies":[{"embeddable":true,"href":"https:\/\/baba.org.pl\/index.php\/wp-json\/wp\/v2\/comments?post=5882"}],"version-history":[{"count":4,"href":"https:\/\/baba.org.pl\/index.php\/wp-json\/wp\/v2\/posts\/5882\/revisions"}],"predecessor-version":[{"id":5970,"href":"https:\/\/baba.org.pl\/index.php\/wp-json\/wp\/v2\/posts\/5882\/revisions\/5970"}],"wp:attachment":[{"href":"https:\/\/baba.org.pl\/index.php\/wp-json\/wp\/v2\/media?parent=5882"}],"wp:term":[{"taxonomy":"category","embeddable":true,"href":"https:\/\/baba.org.pl\/index.php\/wp-json\/wp\/v2\/categories?post=5882"},{"taxonomy":"post_tag","embeddable":true,"href":"https:\/\/baba.org.pl\/index.php\/wp-json\/wp\/v2\/tags?post=5882"}],"curies":[{"name":"wp","href":"https:\/\/api.w.org\/{rel}","templated":true}]}}