{"id":5278,"date":"2018-06-25T10:45:38","date_gmt":"2018-06-25T08:45:38","guid":{"rendered":"http:\/\/baba.org.pl\/?p=5278"},"modified":"2018-06-25T10:45:38","modified_gmt":"2018-06-25T08:45:38","slug":"podpisalysmy-sie-pod-apelem","status":"publish","type":"post","link":"https:\/\/baba.org.pl\/index.php\/2018\/06\/podpisalysmy-sie-pod-apelem\/","title":{"rendered":"Podpisa\u0142y\u015bmy si\u0119 pod apelem&#8230;"},"content":{"rendered":"<p><span style=\"color:#4B0082;\">Niech nam sportowa zabawa nie przys\u0142oni tego, gdzie tak naprawd\u0119 odbywa si\u0119 ta impreza&#8230;<br \/>\n\t38 organizacji spo\u0142ecznych, w tym BABA, zwr&oacute;ci\u0142o si\u0119 z pilnym apelem do prof. Jacka Czaputowicza, Ministra Spraw Zagranicznych i Zbigniewa Bo\u0144ka, Prezesa Polskiego Zwi\u0105zku Pi\u0142ki No\u017cnej o podj\u0119cie dzia\u0142a\u0144 na rzecz uwolnienia os&oacute;b wi\u0119zionych przez Federacj\u0119 Rosyjsk\u0105 z powod&oacute;w politycznych.<\/span><\/p>\n<p><!--more--><\/p>\n<p><meta http-equiv=\"CONTENT-TYPE\" content=\"text\/html; charset=utf-8\" \/><meta name=\"GENERATOR\" content=\"OpenOffice 4.1.5  (Win32)\" \/><\/p>\n<style type=\"text\/css\"><!--\n\t\t@page { size: 21cm 29.7cm; margin: 2cm }\n\t\tH1 { margin-top: 0.18cm; margin-bottom: 0.18cm; font-size: 24pt; font-weight: bold }\n\t\tP { margin-bottom: 0.21cm }\n\t--><\/style>\n<p>\t<span style=\"color:#000000;\"><span style=\"font-size:12px;\"><font face=\"Calibri, serif\">Warszawa, dnia 21.06.2018 r.<br \/>\n\t<span style=\"background-color:#FFD700;\">Pan Prof. dr hab. Jacek Czaputowicz&nbsp;<\/span><br \/>\n\t<span style=\"background-color:#FFD700;\">Minister Spraw Zagranicznych<\/span> <\/font><\/span><\/span><\/p>\n<p align=\"JUSTIFY\"><span style=\"color:#000000;\"><span style=\"font-size:12px;\"><font face=\"Calibri, serif\">Szanowny Panie Ministrze<\/font><br \/>\n\t<font face=\"Calibri, serif\">9 stycznia 2018 roku w Czeczenii aresztowany zosta\u0142 Ojub Titijew, przewodnicz\u0105cy lokalnego oddzia\u0142u rosyjskiej organizacji Centrum Obrony Praw Cz\u0142owieka &bdquo;Memoria\u0142&rdquo;. Samoch&oacute;d Titijewa zosta\u0142 zatrzymany i poddany przeszukiwaniu, w trakcie kt&oacute;rego &#8211; zdaniem adwokat&oacute;w, organizacji pozarz\u0105dowych oraz niezale\u017cnych medi&oacute;w &#8211; zosta\u0142y podrzucone mu narkotyki.&nbsp;Ojub Titijew \u015bwiadczy\u0142 pomoc ofiarom ci\u0119\u017ckich narusze\u0144 praw cz\u0142owieka &ndash; tortur, wymuszonych zagini\u0119\u0107, pomaga\u0142 tak\u017ce rodzinom os&oacute;b zabitych przez s\u0142u\u017cby zwi\u0105zane z w\u0142adzami republiki. Przez ostatnie kilka miesi\u0119cy przed aresztowaniem Titijew i inni pracownicy Memoria\u0142u zajmowali si\u0119 g\u0142o\u015bn\u0105 spraw\u0105 27 zatrzymanych i nast\u0119pnie zaginionych (prawdopodobnie rozstrzelanych) mieszka\u0144c&oacute;w republiki. Adwokaci Titijewa wskazuj\u0105 na liczne i jawne naruszenia w trakcie zatrzymania oraz post\u0119powania. Oskar\u017cenie nie przedstawi\u0142o do tej pory \u017cadnych wiarygodnych dowod&oacute;w pope\u0142nienia przest\u0119pstwa. Pomimo tego Titijew wci\u0105\u017c znajduje si\u0119 w areszcie, nara\u017cony jest na tortury (kt&oacute;re zgodnie z dost\u0119pnymi raportami s\u0105 powszechnie stosowane w czecze\u0144skich aresztach), grozi mu wysoka kara pozbawienia wolno\u015bci.&nbsp;Amnesty International uzna\u0142o Ojuba Titijewa za wi\u0119\u017ania sumienia, poniewa\u017c zosta\u0142 aresztowany wy\u0142\u0105cznie za pokojowe korzystanie ze swoich praw i prac\u0119 na rzecz praw cz\u0142owieka. Pod petycj\u0105 Amnesty International w sprawie czecze\u0144skiego obro\u0144cy praw cz\u0142owieka podpisa\u0142o si\u0119 ju\u017c ponad 2200 os&oacute;b w Polsce.&nbsp;<br \/>\n\t18 stycznia 2018 roku Helsi\u0144ska Fundacja Praw Cz\u0142owieka wystosowa\u0142a do Pana Ministra pismo z pro\u015bb\u0105 o zaj\u0119cie przez polskie w\u0142adze stanowiska w sprawie aresztowania Ojuba Titijewa. Nic nam nie wiadomo o dzia\u0142aniach podj\u0119tych w jego wyniku.&nbsp;Ojub Titijew nie jest jedynym wi\u0119\u017aniem sumienia wsp&oacute;\u0142czesnej Rosji. Na listach Centrum Obrony Praw Cz\u0142owieka Memoria\u0142 znajduje si\u0119 obecnie a\u017c 158 wi\u0119\u017ani&oacute;w politycznych oraz 77 os&oacute;b, kt&oacute;re z du\u017cym prawdopodobie\u0144stwem osadzone zosta\u0142y z powod&oacute;w politycznych. Jednocze\u015bnie Memoria\u0142 zwraca uwag\u0119 na fakt, i\u017c owe listy nie obejmuj\u0105 wszystkich os&oacute;b represjonowanych, bowiem prawdziwa liczba wi\u0119\u017ani&oacute;w politycznych i os&oacute;b pozbawionych wolno\u015bci z przyczyn politycznych w dzisiejszej Rosji jest niew\u0105tpliwie znacznie wi\u0119ksza.&nbsp;<br \/>\n\tLiczn\u0105 grup\u0119 os&oacute;b bezprawnie uwi\u0119zionych przez w\u0142adze Federacji Rosyjskiej stanowi\u0105 tak\u017ce, wed\u0142ug dost\u0119pnych raport&oacute;w organizacji pozarz\u0105dowych, obywatele Ukrainy. Organizacje pozarz\u0105dowe posiadaj\u0105 informacje o 71 obywatelach Ukrainy, kt&oacute;rych prze\u015bladowanie uzna\u0107 mo\u017cna za motywowane politycznie. W czasie, kiedy pa\u0144stwa \u015bwi\u0119tuj\u0105 otwarcie Mundialu, w jednej z kolonii karnych od miesi\u0105ca g\u0142od&oacute;wk\u0119 prowadzi obywatel Ukrainy Oleg Sencow domagaj\u0105c si\u0119 uwolnienia wszystkich ukrai\u0144skich wi\u0119\u017ani&oacute;w politycznych. Zosta\u0142 on skazany na kar\u0119 20 lat pozbawienia wolno\u015bci. Zapowiada, i\u017c g\u0142od&oacute;wk\u0119 zamierza prowadzi\u0107 do \u015bmierci.<br \/>\n\tW zwi\u0105zku z faktem, i\u017c reprezentacja Polski bierze obecnie udzia\u0142 w Mistrzostwach \u015awiata, kt&oacute;re w tym roku odbywaj\u0105 si\u0119 w Rosji, apelujemy do Pana Ministra o podj\u0119cie dzia\u0142a\u0144 na rzecz ochrony praw cz\u0142owieka przez w\u0142adze Rosyjskiej Federacji, w tym podj\u0119cie stara\u0144&nbsp;o uwolnienie wszystkich os&oacute;b pozbawionych wolno\u015bci z przyczyn politycznych.<br \/>\n\tBrak reakcji i niepodnoszenie podczas Mistrzostw \u015awiata kwestii zwi\u0105zanych z prawami cz\u0142owieka, to w naszej opinii de facto przyzwolenie na ich naruszenie przez Federacj\u0119 Rosyjsk\u0105. <b>Uwa\u017camy, \u017ce polskie w\u0142adze maj\u0105 moralny i etyczny obowi\u0105zek podniesienia tego tematu, w tym sprawy uwolnienia Titijewa, Sencowa, oraz pozosta\u0142ych os&oacute;b bezprawnie uwi\u0119zionych.<\/b> Rzeczpospolita znana jest z dzia\u0142a\u0144 na rzecz wolno\u015bci i solidarno\u015bci mi\u0119dzynarodowej i wielokrotnie wyst\u0119powa\u0142a w obronie os&oacute;b prze\u015bladowanych.&nbsp;<br \/>\n\tDoceniamy, \u017ce polski <\/font><font face=\"Calibri, serif\">Sejm podj\u0105\u0142 uchwa\u0142\u0119 w sprawie uwolnienia ukrai\u0144skich wi\u0119\u017ani&oacute;w politycznych w Rosji. To dobry pierwszy krok, ale <\/font><font face=\"Calibri, serif\">wysi\u0142ek powinny podj\u0105\u0107 wszystkie w\u0142adze, we wsp&oacute;\u0142pracy z innymi krajami i odnie\u015b\u0107 si\u0119 do wszystkich wi\u0119\u017ani&oacute;w politycznych<\/font><font face=\"Calibri, serif\">. <\/font><font face=\"Calibri, serif\">W\u0142adze <\/font><font face=\"Calibri, serif\">Federacji Rosyjskiej winny zosta\u0107 wezwane do przestrzegania krajowych i mi\u0119dzynarodowych zobowi\u0105za\u0144 dotycz\u0105cych praw cz\u0142owieka, w tym wolno\u015bci wypowiedzi, wolno\u015bci zrzeszania si\u0119 i wolno\u015bci zgromadze\u0144. W zwi\u0105zku z tym zwracamy si\u0119 z kolejnym apelem, aby Pan Minister wspar\u0142 dzia\u0142ania mi\u0119dzynarodowe na rzecz uwolnienia Ojuba Titijewa, Olega Sencowa, oraz wszystkich pozosta\u0142ych os&oacute;b aresztowanych lub skazanych z powod&oacute;w politycznych przez Federacj\u0119 Rosyjsk\u0105. Liczymy na odpowied\u017a i nag\u0142o\u015bnienie dzia\u0142a\u0144 Ministerstwa w polskich mediach.&nbsp;<\/font><br \/>\n\t<font face=\"Calibri, serif\">\u0141\u0105czymy wyrazy szacunku<\/font><\/span><\/span><\/p>\n<p align=\"JUSTIFY\"><meta http-equiv=\"CONTENT-TYPE\" content=\"text\/html; charset=utf-8\" \/><meta name=\"GENERATOR\" content=\"OpenOffice 4.1.5  (Win32)\" \/><\/p>\n<style type=\"text\/css\"><!--\n\t\t@page { size: 21cm 29.7cm; margin: 2cm }\n\t\tP { margin-bottom: 0.21cm }\n\t--><\/style>\n<p>\t<span style=\"font-size:12px;\"><span style=\"color:#000000;\"><font face=\"Calibri, serif\">Warszawa, 21 czerwca 2018 r.<br \/>\n\t<span style=\"background-color:#FFFF00;\">Pan Zbigniew Boniek,&nbsp;<\/span><br \/>\n\t<span style=\"background-color:#FFFF00;\">Prezes Polskiego Zwi\u0105zku Pi\u0142ki No\u017cnej<\/span> <\/font><\/span><\/span><\/p>\n<p align=\"JUSTIFY\"><span style=\"font-size:12px;\"><span style=\"color:#000000;\"><font face=\"Calibri, serif\">Szanowny Panie Prezesie,<br \/>\n\tw maju 2017 roku Mi\u0119dzynarodowa Federacja Pi\u0142ki No\u017cnej FIFA przyj\u0119\u0142a dokument o nazwie &bdquo;FIFA Human Rights Policy&rdquo;. W dokumencie tym zobowi\u0105zuje si\u0119 szanowa\u0107 prawa cz\u0142owieka oraz promowa\u0107 ich ochron\u0119. Zobowi\u0105zuje si\u0119 tak\u017ce wspiera\u0107 osoby, kt&oacute;re walcz\u0105&nbsp;o przestrzeganie praw cz\u0142owieka na \u015bwiecie oraz przedstawicieli medi&oacute;w, a w sytuacji, kiedy wolno\u015b\u0107 tych os&oacute;b jest zagro\u017cona, podejmowa\u0107 dzia\u0142ania w ich obronie. FIFA deklaruje tak\u017ce, i\u017c w takich sytuacjach u\u017cywa\u0107 b\u0119dzie dost\u0119pnych sobie form nacisku na odpowiednie w\u0142adze pa\u0144stwowe.&nbsp;Cele, kt&oacute;ra stawia sobie FIFA, s\u0105 \u015bci\u015ble powi\u0105zane z zadaniami realizowanym przez Polski Zwi\u0105zek Pi\u0142ki No\u017cnej. Zgodnie ze statutem, PZPN realizuje swoje cele w szczeg&oacute;lno\u015bci przez wsp&oacute;\u0142prac\u0119 oraz organizowanie i utrzymywanie kontakt&oacute;w z narodowymi federacjami pi\u0142karskimi za granic\u0105, a tak\u017ce wsp&oacute;\u0142udzia\u0142 w realizacji cel&oacute;w i zada\u0144 FIFA.&nbsp;<br \/>\n\tW zwi\u0105zku z faktem, i\u017c reprezentacja Polski bierze obecnie udzia\u0142 w Mistrzostwach \u015awiata, kt&oacute;re w tym roku odbywaj\u0105 si\u0119 w Rosji, apelujemy do Pa\u0144stwa o podj\u0119cie wsp&oacute;lnie z FIFA dzia\u0142a\u0144 na rzecz ochrony praw cz\u0142owieka przez w\u0142adze Federacji Rosyjskiej, w tym podj\u0119cie stara\u0144 o uwolnienie wszystkich os&oacute;b pozbawionych wolno\u015bci z przyczyn politycznych.&nbsp;Organizacje pozarz\u0105dowe oraz niezale\u017cne media zwracaj\u0105 uwag\u0119 na ogromn\u0105 liczb\u0119 wi\u0119\u017ani&oacute;w politycznych umieszczonych w aresztach i wi\u0119zieniach przez w\u0142adze Federacji Rosyjskiej &ndash; dzia\u0142aczy praw cz\u0142owieka, aktywist&oacute;w, opozycjonist&oacute;w oraz dziennikarzy. Na listach Centrum Obrony Praw Cz\u0142owieka &bdquo;Memoria\u0142&rdquo; znajduje si\u0119 obecnie a\u017c 158 wi\u0119\u017ani&oacute;w politycznych oraz 77 os&oacute;b, kt&oacute;re z du\u017cym prawdopodobie\u0144stwem osadzone zosta\u0142y z powod&oacute;w politycznych. Jednocze\u015bnie Memoria\u0142 zwraca uwag\u0119 na fakt, i\u017c owe listy nie obejmuj\u0105 wszystkich os&oacute;b represjonowanych, bowiem prawdziwa liczba wi\u0119\u017ani&oacute;w politycznych i os&oacute;b pozbawionych wolno\u015bci z przyczyn politycznych w dzisiejszej Rosji jest niew\u0105tpliwie znacznie wi\u0119ksza.&nbsp;Liczn\u0105 grup\u0119 os&oacute;b bezprawnie uwi\u0119zionych w rosyjskich wi\u0119zieniach i aresztach stanowi\u0105 tak\u017ce, wed\u0142ug dost\u0119pnych raport&oacute;w organizacji pozarz\u0105dowych, obywatele Ukrainy. Organizacje pozarz\u0105dowe posiadaj\u0105 informacje o 71 obywatelach Ukrainy, kt&oacute;rych prze\u015bladowanie uzna\u0107 mo\u017cna za motywowane politycznie. W czasie, kiedy pa\u0144stwa \u015bwi\u0119tuj\u0105 otwarcie Mundialu, w jednej z kolonii karnych od miesi\u0105ca g\u0142od&oacute;wk\u0119 prowadzi obywatel Ukrainy Oleg Sencow, domagaj\u0105c si\u0119 uwolnienia wszystkich ukrai\u0144skich wi\u0119\u017ani&oacute;w politycznych. Zosta\u0142 on skazany na kar\u0119 20 lat pozbawienia wolno\u015bci. Zapowiada, i\u017c g\u0142od&oacute;wk\u0119 zamierza prowadzi\u0107 do \u015bmierci.&nbsp;W ostatnich miesi\u0105cach opini\u0119 publiczn\u0105 wzburzy\u0142a historia aresztowania Ojuba Titijewa, przewodnicz\u0105cego czecze\u0144skiego oddzia\u0142u rosyjskiej organizacji Centrum Obrony Praw Cz\u0142owieka &bdquo;Memoria\u0142&rdquo;. 9 stycznia 2018 roku jego samoch&oacute;d zosta\u0142 zatrzymany w Czeczenii&nbsp;i poddany przeszukaniu, w trakcie kt&oacute;rego &#8211; zdaniem adwokat&oacute;w, organizacji pozarz\u0105dowych oraz niezale\u017cnych medi&oacute;w &#8211; zosta\u0142y podrzucone mu narkotyki. Ojub Titijew \u015bwiadczy\u0142 pomoc ofiarom ci\u0119\u017ckich narusze\u0144 praw cz\u0142owieka &ndash; tortur, wymuszonych zagini\u0119\u0107, pomaga\u0142 tak\u017ce rodzinom os&oacute;b zabitych przez s\u0142u\u017cby zwi\u0105zane z w\u0142adzami republiki. Przez ostatnie kilka miesi\u0119cy przed aresztowaniem Titijew i inni pracownicy &bdquo;Memoria\u0142u&rdquo; zajmowali si\u0119 g\u0142o\u015bn\u0105 spraw\u0105 27 zatrzymanych i nast\u0119pnie zaginionych (prawdopodobnie rozstrzelanych) mieszka\u0144c&oacute;w republiki. Adwokaci Titijewa oraz obserwatorzy procesu zwracaj\u0105 uwag\u0119 na liczne i jawne naruszenia w trakcie zatrzymania oraz post\u0119powania. Oskar\u017cenie nie przedstawi\u0142o do tej pory \u017cadnych wiarygodnych dowod&oacute;w pope\u0142nienia przest\u0119pstwa. Pomimo tego Titiew wci\u0105\u017c znajduje si\u0119 w areszcie, nara\u017cony jest na tortury (kt&oacute;re zgodnie z dost\u0119pnymi raportami s\u0105 powszechnie stosowane w czecze\u0144skich aresztach), grozi mu wysoka kara pozbawienia wolno\u015bci.&nbsp;Amnesty International uzna\u0142o Ojuba Titijewa za wi\u0119\u017ania sumienia, poniewa\u017c zosta\u0142 aresztowany wy\u0142\u0105cznie za pokojowe korzystanie ze swoich praw i prac\u0119 na rzecz praw cz\u0142owieka. Pod petycj\u0105 Amnesty International w sprawie czecze\u0144skiego obro\u0144cy praw cz\u0142owieka podpisa\u0142o si\u0119 ju\u017c ponad 2200 os&oacute;b w Polsce.&nbsp;Amnesty International wraz z innymi mi\u0119dzynarodowymi organizacjami wystosowa\u0142a list w sprawie Ojuba Titijewa do prezydenta FIFA Gianniego Infantina, kt&oacute;ry potwierdzi\u0142 wol\u0119 dzia\u0142ania federacji na rzecz ochrony obro\u0144c&oacute;w praw cz\u0142owieka.<br \/>\n\tOrganizacje pozarz\u0105dowe oraz niezale\u017cne media od lat zwracaj\u0105 uwag\u0119 na masowy problem narusze\u0144 praw cz\u0142owieka w Czeczenii oraz du\u017cy problem z ich przestrzeganiem na ca\u0142ym Kaukazie P&oacute;\u0142nocnym. W chwili obecnej Czeczenia aktywnie w\u0142\u0105czona jest w organizacj\u0119 Mistrzostw \u015awiata &ndash; stanowi baz\u0119 dla reprezentacji Egiptu. Znajduj\u0105ce si\u0119 stosunkowo niedaleko od niej Soczi &ndash; w kt&oacute;rym odbywa si\u0119 cz\u0119\u015b\u0107 rozgrywek, znajduje si\u0119 r&oacute;wnie\u017c na Kaukazie P&oacute;\u0142nocnym. Brak reakcji i niepodnoszenie kwestii zwi\u0105zanych z prawami cz\u0142owieka w Rosji podczas Mistrzostw \u015awiata, to w naszej opinii <i>de facto<\/i> przyzwolenie na naruszenia praw cz\u0142owieka przez w\u0142adze Federacji Rosyjskiej.&nbsp;<br \/>\n\tUwa\u017camy, \u017ce Polski Zwi\u0105zek Pi\u0142ki No\u017cnej ma moralny i etyczny obowi\u0105zek podniesienia w rozmowach z FIFA kwestii \u0142amania praw cz\u0142owieka w Rosji, w tym uwolnienia Titijewa, Sencowa oraz pozosta\u0142ych os&oacute;b bezprawnie uwi\u0119zionych. <b>Uwa\u017camy, \u017ce wszystkie organizacje pi\u0142karskie kraj&oacute;w, kt&oacute;re bior\u0105 udzia\u0142 w tegorocznych mistrzostwach \u015bwiata, powinny wezwa\u0107 Federacj\u0119 Rosyjsk\u0105 do przestrzegania krajowych i mi\u0119dzynarodowych zobowi\u0105za\u0144 dotycz\u0105cych praw cz\u0142owieka, w tym wolno\u015bci wypowiedzi, wolno\u015bci zrzeszania si\u0119 i wolno\u015bci zgromadze\u0144.&nbsp;<\/b><br \/>\n\tLiczymy na Pa\u0144skie dzia\u0142anie i poinformowanie opinii publicznej o podj\u0119tych krokach i ich rezultatach.&nbsp;<br \/>\n\t\u0141\u0105czymy wyrazy szacunku,<\/font><\/span><\/span><\/p>\n<p align=\"JUSTIFY\"><span style=\"color:#000000;\"><span style=\"font-size:12px;\"><font face=\"Calibri, serif\">Oba apele podpisali:<br \/>\n\tPolscy cz\u0142onkowie Forum Spo\u0142ecze\u0144stwa Obywatelskiego Unii Europejskiej i Rosji:<br \/>\n\tFundacja im. Stefana Batorego,&nbsp;Fundacja O\u015brodka KARTA,&nbsp;Helsi\u0144ska Fundacja Praw Cz\u0142owieka,&nbsp;Instytut Spraw Publicznych,&nbsp;Kolegium Europy Wschodniej im. Jana Nowaka-Jeziora\u0144skiego we&nbsp;Wroc\u0142awiu,&nbsp;Sie\u0107 Obywatelska Watchdog Polska,&nbsp;Stowarzyszenie &bdquo;Za Woln\u0105 Rosj\u0119&rdquo;,&nbsp;Stowarzyszenie Homo Faber&nbsp;<br \/>\n\tOraz inne organizacje, kt&oacute;rym le\u017cy na sercu los obro\u0144c&oacute;w praw cz\u0142owieka:&nbsp;Amnesty International ,&nbsp;Fundacja Autonomia,&nbsp;Fundacja ePa\u0144stwo ,&nbsp;Fundacja Inna Przestrze\u0144,&nbsp;Fundacja Kaukaz.net,&nbsp;Fundacja na rzecz R&oacute;wno\u015bci i Emancypacji STER,&nbsp;Fundacja Nasz Wyb&oacute;r,&nbsp;Fundacja Panoptykon,&nbsp;Fundacja Pole Dialogu,&nbsp;Fundacja Pozytywnych Zmian,&nbsp;Fundacja R&oacute;\u017cnosfera,&nbsp;Fundacji Szko\u0142a Lider&oacute;w,&nbsp;Fundacja Szko\u0142a z Klas\u0105,&nbsp;Grupa Zagranica &ndash; federacja 54 organizacji pozarz\u0105dowych zaanga\u017cowanych we wsp&oacute;\u0142prac\u0119 rozwojow\u0105, wspieranie demokracji, pomoc humanitarn\u0105 i edukacj\u0119 globaln\u0105,&nbsp;Inicjatywa Dom Otwarty,&nbsp;Instytut Pa\u0144stwa i Prawa INPRIS,&nbsp;Lubuskie Stowarzyszenie na Rzecz Kobiet Baba,&nbsp;Polskie Forum Migracyjne,&nbsp;Polskie Towarzystwo Prawa Antydyskryminacyjnego,&nbsp;Pracowni Bada\u0144 i Innowacji Spo\u0142ecznych &bdquo;Stocznia&rdquo;,&nbsp;Stowarzyszenie im. prof. Zbigniewa Ho\u0142dy,&nbsp;Stowarzyszenie im. Stanis\u0142awa Brzozowskiego,&nbsp;Stowarzyszenie Inicjatyw Mo\u017cliwych Rzecz Jasna,&nbsp;Stowarzyszenie&nbsp;Inicjatyw Kobiecych,&nbsp;Stowarzyszenie Interwencji Prawnej,&nbsp;Stowarzyszenie Klon\/Jawor,&nbsp;Stowarzyszenie na rzecz&nbsp;Integracji Spo\u0142ecze\u0144stwa Wielokulturowego&nbsp;Nomada,&nbsp;Stowarzyszenie na rzecz Zr&oacute;wnowa\u017conego Rozwoju Spo\u0142ecznego &quot;Spo\u0142ecze\u0144stwo FAIR&rdquo;,&nbsp;Stowarzyszenie przeciw Antysemityzmowi i Ksenofobii Otwarta Rzeczpospolita,&nbsp;Stowarzyszenie Mi\u0142o\u015b\u0107 Nie Wyklucza<\/font><\/span><\/span><\/p>\n","protected":false},"excerpt":{"rendered":"<p>Niech nam sportowa zabawa nie przys\u0142oni tego, gdzie tak naprawd\u0119 odbywa si\u0119 ta impreza&#8230; 38 organizacji spo\u0142ecznych, w tym BABA, zwr&oacute;ci\u0142o si\u0119 z pilnym apelem do prof. Jacka Czaputowicza, Ministra Spraw Zagranicznych i Zbigniewa Bo\u0144ka, Prezesa Polskiego Zwi\u0105zku Pi\u0142ki No\u017cnej o podj\u0119cie dzia\u0142a\u0144 na rzecz uwolnienia os&oacute;b wi\u0119zionych przez Federacj\u0119 Rosyjsk\u0105 z powod&oacute;w politycznych.<\/p>\n","protected":false},"author":4,"featured_media":0,"comment_status":"closed","ping_status":"closed","sticky":false,"template":"","format":"standard","meta":{"footnotes":""},"categories":[5],"tags":[],"class_list":["post-5278","post","type-post","status-publish","format-standard","hentry","category-aktualnosci"],"_links":{"self":[{"href":"https:\/\/baba.org.pl\/index.php\/wp-json\/wp\/v2\/posts\/5278","targetHints":{"allow":["GET"]}}],"collection":[{"href":"https:\/\/baba.org.pl\/index.php\/wp-json\/wp\/v2\/posts"}],"about":[{"href":"https:\/\/baba.org.pl\/index.php\/wp-json\/wp\/v2\/types\/post"}],"author":[{"embeddable":true,"href":"https:\/\/baba.org.pl\/index.php\/wp-json\/wp\/v2\/users\/4"}],"replies":[{"embeddable":true,"href":"https:\/\/baba.org.pl\/index.php\/wp-json\/wp\/v2\/comments?post=5278"}],"version-history":[{"count":1,"href":"https:\/\/baba.org.pl\/index.php\/wp-json\/wp\/v2\/posts\/5278\/revisions"}],"predecessor-version":[{"id":5279,"href":"https:\/\/baba.org.pl\/index.php\/wp-json\/wp\/v2\/posts\/5278\/revisions\/5279"}],"wp:attachment":[{"href":"https:\/\/baba.org.pl\/index.php\/wp-json\/wp\/v2\/media?parent=5278"}],"wp:term":[{"taxonomy":"category","embeddable":true,"href":"https:\/\/baba.org.pl\/index.php\/wp-json\/wp\/v2\/categories?post=5278"},{"taxonomy":"post_tag","embeddable":true,"href":"https:\/\/baba.org.pl\/index.php\/wp-json\/wp\/v2\/tags?post=5278"}],"curies":[{"name":"wp","href":"https:\/\/api.w.org\/{rel}","templated":true}]}}