{"id":4844,"date":"2017-09-12T12:58:55","date_gmt":"2017-09-12T10:58:55","guid":{"rendered":"http:\/\/baba.org.pl\/?p=4844"},"modified":"2017-09-12T12:58:55","modified_gmt":"2017-09-12T10:58:55","slug":"zapraszamy-korzystajcie-koniecznie","status":"publish","type":"post","link":"https:\/\/baba.org.pl\/index.php\/2017\/09\/zapraszamy-korzystajcie-koniecznie\/","title":{"rendered":"Zapraszamy, korzystajcie koniecznie!"},"content":{"rendered":"<p><a href=\"http:\/\/babazg.home.pl\/autoinstalator\/wordpress\/wp-content\/uploads\/2016\/09\/masz-g\u0142os.png\" data-lightbox=\"gal[4844]\"><img loading=\"lazy\" decoding=\"async\" alt=\"\" class=\"alignleft size-medium wp-image-4315\" height=\"300\" src=\"http:\/\/babazg.home.pl\/autoinstalator\/wordpress\/wp-content\/uploads\/2016\/09\/masz-g\u0142os-300x300.png\" width=\"300\" srcset=\"https:\/\/baba.org.pl\/wp-content\/uploads\/2016\/09\/masz-g\u0142os-300x300.png 300w, https:\/\/baba.org.pl\/wp-content\/uploads\/2016\/09\/masz-g\u0142os-150x150.png 150w, https:\/\/baba.org.pl\/wp-content\/uploads\/2016\/09\/masz-g\u0142os-100x100.png 100w, https:\/\/baba.org.pl\/wp-content\/uploads\/2016\/09\/masz-g\u0142os-200x200.png 200w, https:\/\/baba.org.pl\/wp-content\/uploads\/2016\/09\/masz-g\u0142os.png 480w\" sizes=\"auto, (max-width: 300px) 100vw, 300px\" \/><\/a>*Chcesz zmienia\u0107 swoj\u0105 okolic\u0119? Chcesz dzia\u0142a\u0107? *<br \/>\n\t*Do\u0142\u0105cz do akcji Masz G\u0142os i we\u017a udzia\u0142 w bezp\u0142atnych szkoleniach!*<br \/>\n\tRusza&nbsp;nab&oacute;r do akcji Masz G\u0142os, kt&oacute;ra jest jedyn\u0105&nbsp;og&oacute;lnopolsk\u0105 akcj\u0105 anga\u017cuj\u0105c\u0105 mieszka\u0144c&oacute;w i mieszkanki oraz w\u0142adze lokalne&nbsp;do dialogu i wsp&oacute;\u0142pracy na poziomie samorz\u0105dowym. Organizowana jest, aby&nbsp;w\u0142\u0105cza\u0107 mieszka\u0144c&oacute;w i mieszkanki w \u017cycie publiczne, zach\u0119ca\u0107 do dzia\u0142ania i&nbsp;pokazywa\u0107, \u017ce mog\u0105 by\u0107 wsp&oacute;\u0142odpowiedzialni za losy swojej gminy.<br \/>\n\tOd 2002 roku akcja obj\u0119\u0142a 680 (27 %) gmin w ca\u0142ej Polsce. Wzi\u0119\u0142o w niej&nbsp;udzia\u0142 2260 uczestnik&oacute;w.<br \/>\n\t*Zapraszamy organizacje pozarz\u0105dowe, nieformalne grupy mieszka\u0144c&oacute;w i&nbsp;mieszkanek oraz podmioty ekonomii do wsp&oacute;lnego dzia\u0142ania na rzecz&nbsp;najbli\u017cszego otoczenia. *<br \/>\n\tSzkolenia s\u0105 bezp\u0142atne i otwarte &ndash; aby wzi\u0105\u0107 w nich udzia\u0142, nie trzeba&nbsp;do\u0142\u0105cza\u0107 do akcji.<br \/>\n\tUczestnicy akcji organizowali w swojej okolicy miejsca spotka\u0144, nadawali&nbsp;ulicom nazwy, odnawiali istotne dla nich miejsca, odkrywali wa\u017cne postaci&nbsp;ze swoich okolic. Wsp&oacute;\u0142pracowali te\u017c z w\u0142adzami przy wprowadzaniu i&nbsp;realizacji bud\u017cet&oacute;w obywatelskich, przyjmowaniu uchwa\u0142 o inicjatywie&nbsp;lokalnej czy organizacji konsultacji spo\u0142ecznych. Realizowali inicjatywy,&nbsp;kt&oacute;re wprowadza\u0142y realn\u0105 zmian\u0119 w ich otoczeniu.&nbsp;W\u015br&oacute;d nich mog\u0105 by\u0107 r&oacute;wnie\u017c grupy, inicjatywy, organizacje z Pa\u0144stwa&nbsp;regionu!<br \/>\n\t*Co daje udzia\u0142 w akcji Masz G\u0142os?*<br \/>\n\t&middot; Bie\u017c\u0105ce wsparcie do\u015bwiadczonego zespo\u0142u, np. w planowaniu i&nbsp;realizacji dzia\u0142a\u0144.&nbsp;<br \/>\n\t&middot; Dost\u0119p do wiedzy: porady eksperckie, darmowe publikacje, udzia\u0142 w&nbsp;szkoleniach&nbsp;(np. o anga\u017cowaniu mieszka\u0144c&oacute;w do dzia\u0142ania lub prowadzeniu diagnozy&nbsp;lokalnej)<br \/>\n\t&middot; Wymian\u0119 do\u015bwiadcze\u0144 z uczestnikami akcji z ca\u0142ej Polski&nbsp;<br \/>\n\t&middot; Wzmocnienie pozycji i budowanie presti\u017cu w \u015brodowisku lokalnym, w&nbsp;relacjach&nbsp;z mieszka\u0144cami i w\u0142adzami oraz w kontaktach z mediami<br \/>\n\t&middot; Bezp\u0142atne materia\u0142y edukacyjne i promocyjne&nbsp;<br \/>\n\t&middot; Szans\u0119 na zdobycie minigrantu<br \/>\n\t&middot; Szans\u0119 na zdobycie nagrody Super Samorz\u0105d wsp&oacute;lnie z w\u0142adzami&nbsp;lokalnymi i przyjazd na uroczyst\u0105 gal\u0119 w Warszawie<br \/>\n\t*Aby zacz\u0105\u0107 dzia\u0142a\u0107 nale\u017cy do 30 wrze\u015bnia zarejestrowa\u0107 si\u0119 na stronie *<br \/>\n\t*<a href=\"http:\/\/www.maszglos.pl\/\" rel=\"noopener\" target=\"_blank\">www.maszglos.pl<\/a>* &lt;<a href=\"http:\/\/www.maszglos.pl\/\" rel=\"noopener\" target=\"_blank\">http:\/\/www.maszglos.pl\/<\/a>&gt;* w zak\u0142adce **Do\u0142\u0105cz do akcji*&nbsp;&lt;<a href=\"https:\/\/www.maszglos.pl\/register\/\" rel=\"noopener\" target=\"_blank\">https:\/\/www.maszglos.pl\/register\/<\/a>&gt;*.*<br \/>\n\t&nbsp;Do udzia\u0142u w akcji Masz G\u0142os zaproszeni s\u0105 wszyscy mieszka\u0144cy i mieszkanki&nbsp;&ndash; grupy nieformalne, organizacje pozarz\u0105dowe, instytucje publiczne,&nbsp;uniwersytety trzeciego wieku, rady m\u0142odzie\u017cowe, biblioteki, szko\u0142y, lokalne&nbsp;gazety i portale informacyjne, we wsp&oacute;\u0142pracy z w\u0142adzami samorz\u0105dowymi.&nbsp;Udzia\u0142 w akcji jest bezp\u0142atny.<br \/>\n\t*Udzia\u0142 w szkoleniach jest bezp\u0142atny. *<br \/>\n\t*Szczeg&oacute;\u0142owe informacje o akcji oraz terminy szkole\u0144 znajduj\u0105 si\u0119 na *<br \/>\n\t*<a href=\"http:\/\/www.maszglos.pl\/\" rel=\"noopener\" target=\"_blank\">www.maszglos.pl<\/a>* &lt;<a href=\"http:\/\/www.maszglos.pl\/\" rel=\"noopener\" target=\"_blank\">http:\/\/www.maszglos.pl\/<\/a>&gt;<br \/>\n\tOrganizatorem akcji Masz G\u0142os jest Fundacja im. Stefana Batorego. Partnerzy&nbsp;edycji 2017\/2018: Fundacja Aktywno\u015bci Lokalnej, Stowarzyszenie Aktywno\u015bci&nbsp;Obywatelskiej Bona Fides, Stowarzyszenie Homo Faber, Stowarzyszenie POLITES.&nbsp;Anna Graczyk-Osowska&nbsp;Koordynatorka regionalna akcji MASZ G\u0141OS<br \/>\n\tStowarzyszenie POLITES<br \/>\n\tul. Dworcowa 19\/205<br \/>\n\t70-206 Szczecin<br \/>\n\ttel: 091 450 11 46<br \/>\n\te-mail: <a href=\"mailto:biuro@polites.org.pl\" target=\"_blank\">biuro@polites.org.pl<\/a><br \/>\n\t&nbsp;<\/p>\n","protected":false},"excerpt":{"rendered":"<p>*Chcesz zmienia\u0107 swoj\u0105 okolic\u0119? Chcesz dzia\u0142a\u0107? * *Do\u0142\u0105cz do akcji Masz G\u0142os i we\u017a udzia\u0142 w bezp\u0142atnych szkoleniach!* Rusza&nbsp;nab&oacute;r do akcji Masz G\u0142os, kt&oacute;ra jest jedyn\u0105&nbsp;og&oacute;lnopolsk\u0105 akcj\u0105 anga\u017cuj\u0105c\u0105 mieszka\u0144c&oacute;w i mieszkanki oraz w\u0142adze lokalne&nbsp;do dialogu i wsp&oacute;\u0142pracy na poziomie samorz\u0105dowym. Organizowana jest, aby&nbsp;w\u0142\u0105cza\u0107 mieszka\u0144c&oacute;w i mieszkanki w \u017cycie publiczne, zach\u0119ca\u0107 do dzia\u0142ania i&nbsp;pokazywa\u0107, \u017ce mog\u0105 [&hellip;]<\/p>\n","protected":false},"author":4,"featured_media":0,"comment_status":"closed","ping_status":"closed","sticky":false,"template":"","format":"standard","meta":{"footnotes":""},"categories":[5],"tags":[],"class_list":["post-4844","post","type-post","status-publish","format-standard","hentry","category-aktualnosci"],"_links":{"self":[{"href":"https:\/\/baba.org.pl\/index.php\/wp-json\/wp\/v2\/posts\/4844","targetHints":{"allow":["GET"]}}],"collection":[{"href":"https:\/\/baba.org.pl\/index.php\/wp-json\/wp\/v2\/posts"}],"about":[{"href":"https:\/\/baba.org.pl\/index.php\/wp-json\/wp\/v2\/types\/post"}],"author":[{"embeddable":true,"href":"https:\/\/baba.org.pl\/index.php\/wp-json\/wp\/v2\/users\/4"}],"replies":[{"embeddable":true,"href":"https:\/\/baba.org.pl\/index.php\/wp-json\/wp\/v2\/comments?post=4844"}],"version-history":[{"count":1,"href":"https:\/\/baba.org.pl\/index.php\/wp-json\/wp\/v2\/posts\/4844\/revisions"}],"predecessor-version":[{"id":4845,"href":"https:\/\/baba.org.pl\/index.php\/wp-json\/wp\/v2\/posts\/4844\/revisions\/4845"}],"wp:attachment":[{"href":"https:\/\/baba.org.pl\/index.php\/wp-json\/wp\/v2\/media?parent=4844"}],"wp:term":[{"taxonomy":"category","embeddable":true,"href":"https:\/\/baba.org.pl\/index.php\/wp-json\/wp\/v2\/categories?post=4844"},{"taxonomy":"post_tag","embeddable":true,"href":"https:\/\/baba.org.pl\/index.php\/wp-json\/wp\/v2\/tags?post=4844"}],"curies":[{"name":"wp","href":"https:\/\/api.w.org\/{rel}","templated":true}]}}