{"id":2942,"date":"2014-12-15T09:40:32","date_gmt":"2014-12-15T07:40:32","guid":{"rendered":"http:\/\/baba.org.pl\/?p=2942"},"modified":"2014-12-19T15:47:55","modified_gmt":"2014-12-19T13:47:55","slug":"kolejna-nagroda-dla-baby","status":"publish","type":"post","link":"https:\/\/baba.org.pl\/index.php\/2014\/12\/kolejna-nagroda-dla-baby\/","title":{"rendered":"Kolejna nagroda dla BABY"},"content":{"rendered":"<p><a href=\"http:\/\/babazg.home.pl\/autoinstalator\/wordpress\/wp-content\/uploads\/2014\/12\/PC120140.jpg\" data-lightbox=\"gal[2942]\"><img loading=\"lazy\" decoding=\"async\" alt=\"OLYMPUS DIGITAL CAMERA\" class=\"alignleft size-medium wp-image-2941\" height=\"117\" src=\"http:\/\/babazg.home.pl\/autoinstalator\/wordpress\/wp-content\/uploads\/2014\/12\/PC120140-300x225.jpg\" style=\"width: 161px;\" width=\"300\" \/><\/a><a href=\"http:\/\/babazg.home.pl\/autoinstalator\/wordpress\/wp-content\/uploads\/2014\/12\/226.jpg\" data-lightbox=\"gal[2942]\"><img loading=\"lazy\" decoding=\"async\" alt=\"226\" class=\"alignleft size-medium wp-image-2951\" height=\"123\" src=\"http:\/\/babazg.home.pl\/autoinstalator\/wordpress\/wp-content\/uploads\/2014\/12\/226-300x206.jpg\" style=\"width: 179px;\" width=\"300\" \/><\/a><a href=\"http:\/\/babazg.home.pl\/autoinstalator\/wordpress\/wp-content\/uploads\/2014\/12\/229.jpg\" data-lightbox=\"gal[2942]\"><img loading=\"lazy\" decoding=\"async\" alt=\"229\" class=\"alignleft size-medium wp-image-2952\" height=\"128\" src=\"http:\/\/babazg.home.pl\/autoinstalator\/wordpress\/wp-content\/uploads\/2014\/12\/229-300x157.jpg\" style=\"width: 233px;\" width=\"300\" \/><\/a>Lubuskie Stowarzyszenie na rzecz Kobiet BABA zosta\u0142o wyr&oacute;\u017cnione przez Instytut Spraw Publicznych i Polsko-Ameryka\u0144sk\u0105 Fundacj\u0119 Wolno\u015bci za realizacj\u0119 projekt&oacute;w o szczeg&oacute;lnych walorach w ramach Programu &bdquo;Obywatel i Prawo&rdquo;, kt&oacute;ry&nbsp;po 12 latach zako\u0144czy\u0142 swoje dzia\u0142ania. Jego g\u0142&oacute;wnym celem by\u0142o wspieranie rozwoju bezp\u0142atnego poradnictwa prawnego i obywatelskiego w Polsce. Beneficjentami projekt&oacute;w&nbsp;w ramach programu by\u0142o ponad 100&nbsp;organizacji pozarz\u0105dowych, kt&oacute;re otrzyma\u0142y ponad 6 mln z\u0142 dotacji. ISP i PAFW wyr&oacute;\u017cni\u0142y najlepsze projekty i najlepsze organizacje.&nbsp;&nbsp;W gali wie\u0144cz\u0105cej program udzia\u0142 wzi\u0119li: &nbsp;szef Kancelarii Prezydenta Jacek Micha\u0142owski, Wicemarsza\u0142kini Sejmu RP Wanda Nowicka, minister sprawiedliwo\u015bci Cezary Grabarczyk, prezes Trybuna\u0142u Konstytucyjnego prof. Andrzej Rzepli\u0144ski, prezes Instytutu Spraw Publicznych Jacek Kucharczyk i prezes Polsko-Ameryka\u0144skiej Fundacji Wolno\u015bci ambasador Jerzy Ko\u017ami\u0144ski. Wyr&oacute;znienia organizacjom pozarz\u0105dowym wr\u0119cza\u0142i &nbsp;Jacek Kucharczyk, Jerzy Ko\u017ami\u0144ski&nbsp; i prof. Ewa \u0141\u0119towska, pierwsza polska rzecznik praw obywatelskich, s\u0119dzia NSA i TK.<br \/>\n\t<span>Depesza PAP: &nbsp;<\/span><a href=\"http:\/\/wyborcza.pl\/1,91446,17123652,W_Warszawie_gala_wienczaca_Program_Obywatel_i_Prawo.html\">http:\/\/wyborcza.pl\/1,91446,17123652,W_Warszawie_gala_wienczaca_Program_Obywatel_i_Prawo.html<\/a><\/p>\n<p><!--more--><\/p>\n<div id=\"top_wrap\">\n<div class=\"holder_top\" data-position=\"1,1-2\" id=\"holder_101\">\n<h1>W Warszawie gala wie\u0144cz\u0105ca Program Obywatel i Prawo<\/h1>\n<p>&nbsp;<\/p>\n<p>&nbsp;<\/p>\n<p>&nbsp;<\/p>\n<p>&nbsp;<\/p>\n<p>&nbsp;<\/p>\n<p>&nbsp;<\/p>\n<p>&nbsp;<\/p>\n<p>&nbsp;<\/p>\n<p>&nbsp;<\/p>\n<p>&nbsp;<\/p>\n<p>&nbsp;<\/p>\n<\/p><\/div>\n<p><!-- #holder_101 .holder_top --><!-- duze zdjecie --><\/p>\n<\/div>\n<p><!-- #top_wrap -->PAP<br \/>\n\t12.12.2014 17:15<br \/>\n\tOdznaczeniami i wyr&oacute;\u017cnieniami uhonorowano w pi\u0105tek osoby i organizacje zas\u0142u\u017cone w zakresie bezp\u0142atnego poradnictwa prawnego i obywatelskiego w Polsce. Uroczysto\u015b\u0107, kt&oacute;ra odbywa\u0142a si\u0119 w Teatrze Polonia w Warszawie, zwie\u0144czy\u0142a dzia\u0142alno\u015b\u0107 Programu Obywatel i Prawo.<\/p>\n<div id=\"columns_wrap\">\n<div id=\"col_left\">\n<div class=\"content_row\" id=\"row_3\">\n<div class=\"holder_cl3 holder_cl\" id=\"holder_209\">\n<div id=\"gazeta_article\">\n<div id=\"gazeta_article_body\">\n<div id=\"article\"><!-- article_body v1.1.11 --><!-- PIANO_PARAMS: X-GW-Error-Code=0 ; X-GW-UID=0bc220e8c6c6485c9170f5809aab5c22 ; X-GW-Logged=0 ; X-GW-CID=_ ; X-GW-Access=1 ; X-GW-Hard=0 ; X-GW-Service-Lock-Type=mt ; X-GW-MT-RID=25 ; X-GW-MT-RRL=0; hard_paywall=null; X-GW-Error-Code=0 ; accessEnabled=true ; accessPaid=false ; locked=true cookieLock=false --><!-- pc:none --><\/p>\n<p>&nbsp;<\/p>\n<p>&nbsp;<\/p>\n<p>&nbsp;<\/p>\n<p>&nbsp;<\/p>\n<p>&nbsp;<\/p>\n<p>&nbsp;<\/p>\n<p>&nbsp;<\/p>\n<p>&nbsp;<\/p>\n<p>&nbsp;<\/p>\n<p>&nbsp;<\/p>\n<p>&nbsp;<\/p>\n<section class=\"mod article_closed_info piano_v7 v8 v10 padlock_loaded\" id=\"padlock_intro_wrap\">\n<p>Program realizowany by\u0142 przez 12 lat przy Instytucie Spraw Publicznych; finansowo wspiera\u0142a go Polsko-Ameryka\u0144ska Fundacja Wolno\u015bci. Jego g\u0142&oacute;wnym celem by\u0142o wspieranie rozwoju bezp\u0142atnego poradnictwa prawnego i obywatelskiego w Polsce, szczeg&oacute;lnie dla tych os&oacute;b, kt&oacute;re z pomocy prawnej z r&oacute;\u017cnych powod&oacute;w &#8211; np. finansowych &#8211; s\u0105 wykluczone. G\u0142&oacute;wnymi beneficjentami projekt&oacute;w realizowanych w ramach programu by\u0142y organizacje pozarz\u0105dowe, kt&oacute;re otrzyma\u0142y w jego ramach ponad 6 mln z\u0142 dotacji.<br \/>\n\t\t\t\t\t\t\t\t\tJak podkre\u015blali w pi\u0105tek uczestnicy gali, mo\u017cliwo\u015b\u0107 bezp\u0142atnego poradnictwa prawnego jest konieczna, bo &quot;prawo jest dla wszystkich obywateli, tak\u017ce tych niesamodzielnych, niewykszta\u0142conych, zagubionych i cierpi\u0105cych&quot;.<br \/>\n\t\t\t\t\t\t\t\t\tPodczas uroczysto\u015bci prezydenckie odznaczenia &#8211; Z\u0142ote i Srebrne Krzy\u017ce Zas\u0142ugi &#8211; otrzyma\u0142o pi\u0119\u0107 os&oacute;b. Z\u0142otymi Krzy\u017cami Zas\u0142ugi odznaczeni zostali: za\u0142o\u017cyciel Stowarzyszenia Interwencji Prawnej Witold Klaus oraz prezes Zwi\u0105zku Biur Porad Obywatelskich Ija Ostrowska. Wyr&oacute;\u017cnionych zosta\u0142o 15 organizacji &#8211; w\u015br&oacute;d nich m.in. Centrum Poszukiwania Ludzi Zaginionych Fundacji ITAKA oraz Komitet Ochrony Paw Dziecka, a tak\u017ce &#8211; za propagowanie i wspieranie inicjatyw zwi\u0105zanych z pomoc\u0105 prawn\u0105 &#8211; samorz\u0105d Gdyni.<br \/>\n\t\t\t\t\t\t\t\t\tW gali wzi\u0119li udzia\u0142 m.in. szef Kancelarii Prezydenta Jacek Micha\u0142owski, minister sprawiedliwo\u015bci Cezary Grabarczyk, prezes Trybuna\u0142u Konstytucyjnego prof. Andrzej Rzepli\u0144ski, prezes Instytutu Spraw Publicznych Jacek Kucharczyk i prezes Polsko-Ameryka\u0144skiej Fundacji Wolno\u015bci Jerzy Ko\u017ami\u0144ski.<br \/>\n\t\t\t\t\t\t\t\t\tKucharczyk podkre\u015bla\u0142, \u017ce przez 12 lat, kiedy dzia\u0142a\u0142 program, wiele si\u0119 zmieni\u0142o &#8211; m.in w zakresie \u015bwiadomo\u015bci samorz\u0105d&oacute;w, wprowadzono te\u017c do szk&oacute;\u0142 edukacj\u0119 prawn\u0105. Nadal jednak &#8211; doda\u0142 &#8211; organizacje, kt&oacute;re chc\u0105 wspiera\u0107 osoby wykluczone z zakresu pomocy prawnej, borykaj\u0105 si\u0119 z problemami finansowymi. Nadal te\u017c &#8211; m&oacute;wi\u0142 &#8211; \u015bwiadomo\u015b\u0107 spo\u0142eczna dotycz\u0105ca praw i dost\u0119pu do pomocy prawnej jest niska.<br \/>\n\t\t\t\t\t\t\t\t\tZ kolei prezydent Bronis\u0142aw Komorowski w li\u015bcie skierowanym do uczestnik&oacute;w gali, odczytanym przez min. Micha\u0142owskiego, podkre\u015bla\u0142, \u017ce &quot;walk\u0119 z wykluczeniem spo\u0142ecznym w dziedzinie dost\u0119pno\u015bci do pomocy prawnej uwa\u017ca za jedno z najwa\u017cniejszych wyzwa\u0144&quot;. &quot;Wspieram i honoruj\u0119 wszelkie s\u0142u\u017c\u0105ce temu inicjatywy zar&oacute;wno oddolne, jak i na poziomie w\u0142adz publicznych. Zdaj\u0119 sobie spraw\u0119 z tego, \u017ce poradnictwo prawne w Polsce to setki organizacji spo\u0142ecznych udzielaj\u0105cych pomocy prawnej potrzebuj\u0105cym&quot; &#8211; napisa\u0142.<br \/>\n\t\t\t\t\t\t\t\t\tPrezydent doda\u0142, \u017ce tak\u017ce w gronie jego wsp&oacute;\u0142pracownik&oacute;w oraz uczestnik&oacute;w debat eksperckich w Pa\u0142acu Prezydenckim &quot;dostrze\u017cona zosta\u0142a potrzeba tworzenia systemowych rozwi\u0105za\u0144 w tej dziedzinie&quot;.<br \/>\n\t\t\t\t\t\t\t\t\tOdznaczeni i wyr&oacute;\u017cnieni podkre\u015blali, \u017ce docieranie z pomoc\u0105 prawn\u0105 i wspieranie os&oacute;b, kt&oacute;re sobie nie radz\u0105, jest istotne m.in. dlatego, \u017ce wiele os&oacute;b nawet nie jest \u015bwiadomych swoich praw. Jak dodawali, nie chodzi tylko o poradnictwo prawne; gros potrzebuj\u0105cych takiego wsparcia stanowi\u0105 ci, kt&oacute;rzy wymagaj\u0105 te\u017c pomocy psychologicznej czy wsparcia finansowego.<br \/>\n\t\t\t\t\t\t\t\t\t&quot;Zacz\u0119\u0142y\u015bmy od poradnictwa prawnego ukierunkowanego na kobiety, co wynika\u0142o z naszych indywidualnych do\u015bwiadcze\u0144, z problem&oacute;w, z kt&oacute;rymi przychodzi\u0142y nasze beneficjentki. P&oacute;\u017aniej zacz\u0119\u0142y\u015bmy rozszerza\u0107 dzia\u0142alno\u015b\u0107 w zakresie prawa i w tej chwili i edukujemy prawnie, i udzielamy pomocy tak\u017ce osobom pokrzywdzonym przest\u0119pstwem&quot; &#8211; podkre\u015bla\u0142a w rozmowie z PAP dr. Anita Kucharska-Dziedzic z wyr&oacute;\u017cnionego w pi\u0105tek Lubuskiego Stowarzyszenia na Rzecz Kobiet Baba.<br \/>\n\t\t\t\t\t\t\t\t\tJak doda\u0142a, cz\u0119\u015b\u0107 os&oacute;b, kt&oacute;re trafiaj\u0105 do stowarzyszenia, to osoby niesamodzielne lub po dramatycznych przej\u015bciach \u017cyciowych. &quot;Trzeba si\u0119 nimi troch\u0119 zaopiekowa\u0107, nie tylko prawnie, ale cz\u0119sto te\u017c psychologicznie i my w tej chwili to robimy. Nie tylko pomoc prawna, ale te\u017c pomoc psychologiczna, psychoterapia, pomoc materialna. To jest szalenie istotne, \u017ceby\u015bmy pami\u0119tali o czym\u015b, co jest truizmem, \u017ce prawo nie jest dla prawnik&oacute;w, tylko dla obywateli i to dla wszystkich, tak\u017ce tych niesamodzielnych, niewykszta\u0142conych, zagubionych, cierpi\u0105cych&quot; &#8211; doda\u0142a.<br \/>\n\t\t\t\t\t\t\t\t\tZar&oacute;wno ona, jak i inne osoby zaanga\u017cowane w dzia\u0142anie na rzecz bezp\u0142atnego poradnictwa prawnego podkre\u015bla\u0142y, \u017ce konieczne s\u0105 rozwi\u0105zania systemowe, kt&oacute;re obejm\u0105 nie tylko osoby pokrzywdzone przest\u0119pstwami (kt&oacute;rych wsparcie umo\u017cliwia fundusz pomocy osobom pokrzywdzonym przest\u0119pstwem przy Ministerstwie Sprawiedliwo\u015bci &#8211; PAP). Jak doda\u0142a Kucharska-Dziedzic, pomocy potrzebuj\u0105 te\u017c ci, kt&oacute;rzy zostali pokrzywdzeni np. decyzj\u0105 administracyjn\u0105, maj\u0105 trudn\u0105 sytuacj\u0119 lub konflikt rodzinny.<br \/>\n\t\t\t\t\t\t\t\t\tPytany o to min. Grabarczyk powiedzia\u0142 PAP, \u017ce &quot;kieruje do uzgodnie\u0144 mi\u0119dzyresortowych i konsultacji spo\u0142ecznych ustawy o nieodp\u0142atnej pomocy prawnej oraz informacji prawnej&quot;. &quot;Ustawa o nieodp\u0142atnej pomocy prawnej to akt, kt&oacute;ry przewiduje systemowy dost\u0119p do poradnictwa prawnego dla os&oacute;b, kt&oacute;rych nie sta\u0107 na sfinansowanie us\u0142ugi, adwokata, radcy prawnego. Przewidujemy te\u017c system informacji prawnej, kt&oacute;ry b\u0119dzie systemem absolutnie powszechnym. Za po\u015brednictwem infolinii da ka\u017cdemu dost\u0119p do informacji, jakie obowi\u0105zuje prawo, jakie normy reguluj\u0105 jego problem&quot; &#8211; doda\u0142.<br \/>\n\t\t\t\t\t\t\t\t\tZapowiedzia\u0142, \u017ce chce, by regulacje trafi\u0142y do Sejmu jeszcze wiosn\u0105, tak by od 2016 r. zacz\u0119\u0142y obowi\u0105zywa\u0107 zawarte w nich normy.<br \/>\n\t\t\t\t\t\t\t\t\t<span>Ca\u0142y tekst: <a href=\"http:\/\/wyborcza.pl\/1,91446,17123652,W_Warszawie_gala_wienczaca_Program_Obywatel_i_Prawo.html#ixzz3LwxUdUYg\" style=\"color: rgb(0, 51, 153);\">http:\/\/wyborcza.pl\/1,91446,17123652,W_Warszawie_gala_wienczaca_Program_Obywatel_i_Prawo.html#ixzz3LwxUdUYg<\/a><\/span><br \/>\n\t\t\t\t\t\t\t\t\t&nbsp;<\/p>\n<\/section><\/div>\n<p>&nbsp;<\/p>\n<p>&nbsp;<\/p>\n<p>&nbsp;<\/p>\n<p>&nbsp;<\/p>\n<p>&nbsp;<\/p>\n<p>&nbsp;<\/p>\n<p>&nbsp;<\/p>\n<p>&nbsp;<\/p>\n<p>&nbsp;<\/p>\n<p>&nbsp;<\/p>\n<p>&nbsp;<\/p>\n<\/p><\/div>\n<p>&nbsp;<\/p>\n<p>&nbsp;<\/p>\n<p>&nbsp;<\/p>\n<p>&nbsp;<\/p>\n<p>&nbsp;<\/p>\n<p>&nbsp;<\/p>\n<p>&nbsp;<\/p>\n<p>&nbsp;<\/p>\n<p>&nbsp;<\/p>\n<p>&nbsp;<\/p>\n<p>&nbsp;<\/p>\n<\/p><\/div>\n<p>&nbsp;<\/p>\n<p>&nbsp;<\/p>\n<p>&nbsp;<\/p>\n<p>&nbsp;<\/p>\n<p>&nbsp;<\/p>\n<p>&nbsp;<\/p>\n<p>&nbsp;<\/p>\n<p>&nbsp;<\/p>\n<p>&nbsp;<\/p>\n<p>&nbsp;<\/p>\n<p>&nbsp;<\/p>\n<\/p><\/div>\n<p>&nbsp;<\/p>\n<p>&nbsp;<\/p>\n<p>&nbsp;<\/p>\n<p>&nbsp;<\/p>\n<p>&nbsp;<\/p>\n<p>&nbsp;<\/p>\n<p>&nbsp;<\/p>\n<p>&nbsp;<\/p>\n<p>&nbsp;<\/p>\n<p>&nbsp;<\/p>\n<p>&nbsp;<\/p>\n<\/p><\/div>\n<p>&nbsp;<\/p>\n<p>&nbsp;<\/p>\n<p>&nbsp;<\/p>\n<p>&nbsp;<\/p>\n<p>&nbsp;<\/p>\n<p>&nbsp;<\/p>\n<p>&nbsp;<\/p>\n<p>&nbsp;<\/p>\n<p>&nbsp;<\/p>\n<p>&nbsp;<\/p>\n<p>&nbsp;<\/p>\n<\/p><\/div>\n<\/div>\n<p>&nbsp;<\/p>\n","protected":false},"excerpt":{"rendered":"<p>Lubuskie Stowarzyszenie na rzecz Kobiet BABA zosta\u0142o wyr&oacute;\u017cnione przez Instytut Spraw Publicznych i Polsko-Ameryka\u0144sk\u0105 Fundacj\u0119 Wolno\u015bci za realizacj\u0119 projekt&oacute;w o szczeg&oacute;lnych walorach w ramach Programu &bdquo;Obywatel i Prawo&rdquo;, kt&oacute;ry&nbsp;po 12 latach zako\u0144czy\u0142 swoje dzia\u0142ania. Jego g\u0142&oacute;wnym celem by\u0142o wspieranie rozwoju bezp\u0142atnego poradnictwa prawnego i obywatelskiego w Polsce. Beneficjentami projekt&oacute;w&nbsp;w ramach programu by\u0142o ponad 100&nbsp;organizacji pozarz\u0105dowych, [&hellip;]<\/p>\n","protected":false},"author":4,"featured_media":0,"comment_status":"closed","ping_status":"closed","sticky":false,"template":"","format":"standard","meta":{"footnotes":""},"categories":[5],"tags":[],"class_list":["post-2942","post","type-post","status-publish","format-standard","hentry","category-aktualnosci"],"_links":{"self":[{"href":"https:\/\/baba.org.pl\/index.php\/wp-json\/wp\/v2\/posts\/2942","targetHints":{"allow":["GET"]}}],"collection":[{"href":"https:\/\/baba.org.pl\/index.php\/wp-json\/wp\/v2\/posts"}],"about":[{"href":"https:\/\/baba.org.pl\/index.php\/wp-json\/wp\/v2\/types\/post"}],"author":[{"embeddable":true,"href":"https:\/\/baba.org.pl\/index.php\/wp-json\/wp\/v2\/users\/4"}],"replies":[{"embeddable":true,"href":"https:\/\/baba.org.pl\/index.php\/wp-json\/wp\/v2\/comments?post=2942"}],"version-history":[{"count":12,"href":"https:\/\/baba.org.pl\/index.php\/wp-json\/wp\/v2\/posts\/2942\/revisions"}],"predecessor-version":[{"id":2962,"href":"https:\/\/baba.org.pl\/index.php\/wp-json\/wp\/v2\/posts\/2942\/revisions\/2962"}],"wp:attachment":[{"href":"https:\/\/baba.org.pl\/index.php\/wp-json\/wp\/v2\/media?parent=2942"}],"wp:term":[{"taxonomy":"category","embeddable":true,"href":"https:\/\/baba.org.pl\/index.php\/wp-json\/wp\/v2\/categories?post=2942"},{"taxonomy":"post_tag","embeddable":true,"href":"https:\/\/baba.org.pl\/index.php\/wp-json\/wp\/v2\/tags?post=2942"}],"curies":[{"name":"wp","href":"https:\/\/api.w.org\/{rel}","templated":true}]}}