{"id":2380,"date":"2013-10-07T10:31:17","date_gmt":"2013-10-07T08:31:17","guid":{"rendered":"http:\/\/baba.org.pl\/?p=2380"},"modified":"2013-10-07T10:33:02","modified_gmt":"2013-10-07T08:33:02","slug":"v-lubuski-kongres-kobiet","status":"publish","type":"post","link":"https:\/\/baba.org.pl\/index.php\/2013\/10\/v-lubuski-kongres-kobiet\/","title":{"rendered":"V Lubuski Kongres Kobiet"},"content":{"rendered":"<p><a href=\"http:\/\/babazg.home.pl\/autoinstalator\/wordpress\/wp-content\/uploads\/2013\/10\/6806a5318b0c6ae2590a17aae70aca40a90baa178959392.gif\" data-lightbox=\"gal[2380]\"><img loading=\"lazy\" decoding=\"async\" alt=\"6806a5318b0c6ae2590a17aae70aca40a90baa17!8959392\" class=\"alignleft size-medium wp-image-2381\" height=\"70\" src=\"http:\/\/babazg.home.pl\/autoinstalator\/wordpress\/wp-content\/uploads\/2013\/10\/6806a5318b0c6ae2590a17aae70aca40a90baa178959392-300x70.gif\" width=\"300\" srcset=\"https:\/\/baba.org.pl\/wp-content\/uploads\/2013\/10\/6806a5318b0c6ae2590a17aae70aca40a90baa178959392-300x70.gif 300w, https:\/\/baba.org.pl\/wp-content\/uploads\/2013\/10\/6806a5318b0c6ae2590a17aae70aca40a90baa178959392-150x35.gif 150w, https:\/\/baba.org.pl\/wp-content\/uploads\/2013\/10\/6806a5318b0c6ae2590a17aae70aca40a90baa178959392-768x180.gif 768w\" sizes=\"auto, (max-width: 300px) 100vw, 300px\" \/><\/a><\/p>\n<p><strong>El\u017cbieta Polak Marsza\u0142kini Wojew&oacute;dztwa Lubuskiego&nbsp;zaprasza na:&nbsp;<\/strong>&nbsp;<strong>V LUBUSKI KONGRES KOBIET,<\/strong><br \/>\n\tkt&oacute;ry odb\u0119dzie si\u0119 <u>12 pa\u017adziernika 2013 r.<\/u> w Sali Kolumnowej Urz\u0119du Marsza\u0142kowskiego Wojew&oacute;dztwa Lubuskiego w Zielonej G&oacute;rze przy ul. Podg&oacute;rnej 7.<br \/>\n\t<strong>Udzia\u0142 w Kongresie jest bezp\u0142atny!<\/strong><br \/>\n\t<strong><u>PROGRAM V LUBUSKIEGO KONGRESU KOBIET:<\/u><\/strong><br \/>\n\t&nbsp;<\/p>\n<p><!--more--><\/p>\n<p>&nbsp;<\/p>\n<p>11.00 &#8211; 11.15 &nbsp;&nbsp;&nbsp; Otwarcie i powitanie&nbsp;<strong><em>El\u017cbieta Polak<\/em><\/strong><em>, Marsza\u0142kini Wojew&oacute;dztwa Lubuskiego <\/em><br \/>\n\t11.15 &ndash; 11.20 &nbsp;&nbsp; Projekcja filmu <em>&bdquo;Szwedzki system rodzinny&rdquo;<\/em><br \/>\n\t11.20 &ndash; 11.40&nbsp;&nbsp;&nbsp; &bdquo;M\u0119\u017cczy\u017ani i r&oacute;wnouprawnienie &ndash; szwedzkie do\u015bwiadczenia&rdquo; <strong><em>Staffan Herrstr&ouml;m<\/em><\/strong><em>, Ambasador Szwecji w Polsce<\/em><br \/>\n\t11.40 &ndash; 11.50&nbsp;&nbsp;&nbsp; Pytania z sali<br \/>\n\t11.50 &ndash; 12.05&nbsp;&nbsp;&nbsp; Polityka prorodzinna w Polsce <strong><em>Jaros\u0142awPrzeperski<\/em><\/strong><em>, Pracownik Naukowy Uniwersytetu Miko\u0142aja Kopernika<br \/>\n\tw Toruniu, Dyrektor Fundacji &bdquo;Nadzieja dla rodzin&rdquo;<\/em><br \/>\n\t12.05 &ndash; 12.15 &nbsp;&nbsp; Pytania z sali<br \/>\n\t12.15 &ndash; 12.30&nbsp;&nbsp;&nbsp; Wyst\u0119p Misi Furtak*<br \/>\n\t12.30 &ndash; 12.45&nbsp;&nbsp;&nbsp; &bdquo;Moda, kt&oacute;rej warto ulec!&rdquo; <strong><em>Gra\u017cyna Wycza\u0142kowska<\/em><\/strong><em>, Mi\u0119dzynarodowy Instruktor Nordic Walking<\/em><br \/>\n\t12.45 &ndash; 12.55&nbsp;&nbsp;&nbsp; Pytania z sali<br \/>\n\t12.55&nbsp; &#8211; 13.25&nbsp;&nbsp;&nbsp; Przerwa<br \/>\n\t13.25 &ndash; 13.55 &nbsp;&nbsp; Lubuskie kobiety sukcesu <strong><em>Ewa Minge, <\/em><\/strong><em>Mi\u0119dzynarodowa Projektantka Mody<\/em><br \/>\n\t<strong><em>Misia Furtak<\/em><\/strong><em>, Wokalistka, cz\u0142onkini zespo\u0142u &quot;<a href=\"http:\/\/pl.wikipedia.org\/wiki\/Tr%C3%A8s.b\" jquery1720504211737341657=\"136\" target=\"_blank\" title=\"Tr\u00e8s.b\">Tr&egrave;s.b<\/a>&quot;, laureatka Paszportu Polityki oraz Fryderyka<\/em><br \/>\n\t13.55 &ndash; 14.05&nbsp;&nbsp;&nbsp; Pytania z sali<br \/>\n\t14.05 &ndash; 14.15&nbsp;&nbsp;&nbsp; Kobieta w EFS <strong><em>Marek Kami\u0144ski,<\/em><\/strong><em> Dyrektor Departamentu EFS Urz\u0119du Marsza\u0142kowskiego Wojew&oacute;dztwa Lubuskiego <\/em><br \/>\n\t14.15 &ndash; 14.25 &nbsp;&nbsp; <strong>One billion Rusing<\/strong>Nazywam si\u0119 miliard. Protestuj, powsta\u0144 i ta\u0144cz! Przeciwko przemocy wobec kobiet<br \/>\n\t14.25 &ndash; 14.35 &nbsp;&nbsp; Podsumowanie&nbsp;<strong><em>El\u017cbieta Polak<\/em><\/strong><em>, Marsza\u0142kini Wojew&oacute;dztwa Lubuskiego<\/em><br \/>\n\t14.35 &ndash; 15.30&nbsp;&nbsp;&nbsp; Koncert Lemko Tower<br \/>\n\tAby wzi\u0105\u0107 udzia\u0142 w Kongresie nale\u017cy wype\u0142ni\u0107&nbsp;<a href=\"http:\/\/lubuskie.pl\/zgloszenie-kongres\/\" jquery1720504211737341657=\"145\" target=\"_blank\">FORMULARZ ZG\u0141OSZENIOWY<\/a><br \/>\n\t<strong><em>Serdecznie zapraszamy!<\/em><\/strong><br \/>\n\tBiuro Lubuskiego Kongresu Kobiet<br \/>\n\tFundacja Rozwoju Demokracji Lokalnej, O\u015brodek Regionalny w Zielonej G&oacute;rze, ul. Boh. Westerplatte 9, 65-034 Zielona G&oacute;ra,<br \/>\n\ttel.\/fax 68 453 22 09, e-mail: <a href=\"https:\/\/poczta.home.pl\/mail\/write?to=kongres@frdl.org\" target=\"_blank\">kongres@frdl.org<\/a>, strona: <a href=\"http:\/\/www.frdl.org\/\" jquery1720504211737341657=\"146\" target=\"_blank\">www.frdl.org<\/a><\/p>\n<p>&nbsp;<\/p>\n<p><a href=\"http:\/\/babazg.home.pl\/autoinstalator\/wordpress\/wp-content\/uploads\/2013\/10\/6806a5318b0c6ae2590a17aae70aca40a90baa178959392.gif\" data-lightbox=\"gal[2380]\"><img loading=\"lazy\" decoding=\"async\" alt=\"6806a5318b0c6ae2590a17aae70aca40a90baa17!8959392\" class=\"alignleft size-medium wp-image-2381\" height=\"86\" src=\"http:\/\/babazg.home.pl\/autoinstalator\/wordpress\/wp-content\/uploads\/2013\/10\/6806a5318b0c6ae2590a17aae70aca40a90baa178959392-300x70.gif\" style=\"width: 329px\" width=\"300\" \/><\/a><\/p>\n","protected":false},"excerpt":{"rendered":"<p>El\u017cbieta Polak Marsza\u0142kini Wojew&oacute;dztwa Lubuskiego&nbsp;zaprasza na:&nbsp;&nbsp;V LUBUSKI KONGRES KOBIET, kt&oacute;ry odb\u0119dzie si\u0119 12 pa\u017adziernika 2013 r. w Sali Kolumnowej Urz\u0119du Marsza\u0142kowskiego Wojew&oacute;dztwa Lubuskiego w Zielonej G&oacute;rze przy ul. Podg&oacute;rnej 7. Udzia\u0142 w Kongresie jest bezp\u0142atny! PROGRAM V LUBUSKIEGO KONGRESU KOBIET: &nbsp;<\/p>\n","protected":false},"author":4,"featured_media":0,"comment_status":"closed","ping_status":"closed","sticky":false,"template":"","format":"standard","meta":{"footnotes":""},"categories":[5],"tags":[],"class_list":["post-2380","post","type-post","status-publish","format-standard","hentry","category-aktualnosci"],"_links":{"self":[{"href":"https:\/\/baba.org.pl\/index.php\/wp-json\/wp\/v2\/posts\/2380","targetHints":{"allow":["GET"]}}],"collection":[{"href":"https:\/\/baba.org.pl\/index.php\/wp-json\/wp\/v2\/posts"}],"about":[{"href":"https:\/\/baba.org.pl\/index.php\/wp-json\/wp\/v2\/types\/post"}],"author":[{"embeddable":true,"href":"https:\/\/baba.org.pl\/index.php\/wp-json\/wp\/v2\/users\/4"}],"replies":[{"embeddable":true,"href":"https:\/\/baba.org.pl\/index.php\/wp-json\/wp\/v2\/comments?post=2380"}],"version-history":[{"count":4,"href":"https:\/\/baba.org.pl\/index.php\/wp-json\/wp\/v2\/posts\/2380\/revisions"}],"predecessor-version":[{"id":2385,"href":"https:\/\/baba.org.pl\/index.php\/wp-json\/wp\/v2\/posts\/2380\/revisions\/2385"}],"wp:attachment":[{"href":"https:\/\/baba.org.pl\/index.php\/wp-json\/wp\/v2\/media?parent=2380"}],"wp:term":[{"taxonomy":"category","embeddable":true,"href":"https:\/\/baba.org.pl\/index.php\/wp-json\/wp\/v2\/categories?post=2380"},{"taxonomy":"post_tag","embeddable":true,"href":"https:\/\/baba.org.pl\/index.php\/wp-json\/wp\/v2\/tags?post=2380"}],"curies":[{"name":"wp","href":"https:\/\/api.w.org\/{rel}","templated":true}]}}