{"id":1944,"date":"2013-02-19T12:02:03","date_gmt":"2013-02-19T10:02:03","guid":{"rendered":"http:\/\/baba.org.pl\/?p=1944"},"modified":"2013-02-19T12:02:03","modified_gmt":"2013-02-19T10:02:03","slug":"gratulujemy","status":"publish","type":"post","link":"https:\/\/baba.org.pl\/index.php\/2013\/02\/gratulujemy\/","title":{"rendered":"Gratulujemy!"},"content":{"rendered":"<p><a href=\"http:\/\/babazg.home.pl\/autoinstalator\/wordpress\/wp-content\/uploads\/2013\/02\/Magda-pije-kaw\u0119.jpg\" data-lightbox=\"gal[1944]\"><img loading=\"lazy\" decoding=\"async\" alt=\"\" class=\"alignleft size-full wp-image-1945\" height=\"197\" src=\"http:\/\/babazg.home.pl\/autoinstalator\/wordpress\/wp-content\/uploads\/2013\/02\/Magda-pije-kaw\u0119.jpg\" style=\"width: 148px;\" title=\"Magda pije kaw\u0119\" width=\"1232\" \/><\/a>Wyniki Konkursu na materia\u0142 dziennikarski <span style=\"background-color: rgb(0, 255, 0);\">Media R&oacute;wnych Szans<\/span><br \/>\n\tBiuro Pe\u0142nomocniczki Rz\u0105du do spraw R&oacute;wnego Traktowania&nbsp;oceni\u0142o materia\u0142y dziennikarskie nades\u0142ane przez polskich dziennikarzy. Celem Konkursu by\u0142o wy\u0142onienie najlepszych materia\u0142&oacute;w prasowych, radiowych oraz telewizyjnych, podejmuj\u0105cych problematyk\u0119 grup dyskryminowanych lub przyczyniaj\u0105cych si\u0119 do prze\u0142amywania stereotyp&oacute;w, likwidacji dyskryminacji i promocji r&oacute;\u017cnorodno\u015bci. Laureatk\u0105 w kategorii MIKROFON zosta\u0142a Magdalena Steci\u0105g z Radia Zielona G&oacute;ra za materia\u0142&nbsp;&quot;Makoffska \u0142apie za s\u0142&oacute;wka&quot;. Gratulujemy i prosimy o wi\u0119cej.<\/p>\n<p>\t&nbsp;<\/p>\n","protected":false},"excerpt":{"rendered":"<p>Wyniki Konkursu na materia\u0142 dziennikarski Media R&oacute;wnych Szans Biuro Pe\u0142nomocniczki Rz\u0105du do spraw R&oacute;wnego Traktowania&nbsp;oceni\u0142o materia\u0142y dziennikarskie nades\u0142ane przez polskich dziennikarzy. Celem Konkursu by\u0142o wy\u0142onienie najlepszych materia\u0142&oacute;w prasowych, radiowych oraz telewizyjnych, podejmuj\u0105cych problematyk\u0119 grup dyskryminowanych lub przyczyniaj\u0105cych si\u0119 do prze\u0142amywania stereotyp&oacute;w, likwidacji dyskryminacji i promocji r&oacute;\u017cnorodno\u015bci. Laureatk\u0105 w kategorii MIKROFON zosta\u0142a Magdalena Steci\u0105g z Radia [&hellip;]<\/p>\n","protected":false},"author":4,"featured_media":0,"comment_status":"closed","ping_status":"closed","sticky":false,"template":"","format":"standard","meta":{"footnotes":""},"categories":[5],"tags":[],"class_list":["post-1944","post","type-post","status-publish","format-standard","hentry","category-aktualnosci"],"_links":{"self":[{"href":"https:\/\/baba.org.pl\/index.php\/wp-json\/wp\/v2\/posts\/1944","targetHints":{"allow":["GET"]}}],"collection":[{"href":"https:\/\/baba.org.pl\/index.php\/wp-json\/wp\/v2\/posts"}],"about":[{"href":"https:\/\/baba.org.pl\/index.php\/wp-json\/wp\/v2\/types\/post"}],"author":[{"embeddable":true,"href":"https:\/\/baba.org.pl\/index.php\/wp-json\/wp\/v2\/users\/4"}],"replies":[{"embeddable":true,"href":"https:\/\/baba.org.pl\/index.php\/wp-json\/wp\/v2\/comments?post=1944"}],"version-history":[{"count":2,"href":"https:\/\/baba.org.pl\/index.php\/wp-json\/wp\/v2\/posts\/1944\/revisions"}],"predecessor-version":[{"id":1947,"href":"https:\/\/baba.org.pl\/index.php\/wp-json\/wp\/v2\/posts\/1944\/revisions\/1947"}],"wp:attachment":[{"href":"https:\/\/baba.org.pl\/index.php\/wp-json\/wp\/v2\/media?parent=1944"}],"wp:term":[{"taxonomy":"category","embeddable":true,"href":"https:\/\/baba.org.pl\/index.php\/wp-json\/wp\/v2\/categories?post=1944"},{"taxonomy":"post_tag","embeddable":true,"href":"https:\/\/baba.org.pl\/index.php\/wp-json\/wp\/v2\/tags?post=1944"}],"curies":[{"name":"wp","href":"https:\/\/api.w.org\/{rel}","templated":true}]}}